{"id":44,"date":"2023-03-10T11:27:38","date_gmt":"2023-03-10T10:27:38","guid":{"rendered":"http:\/\/www.lespierrades.fr\/?p=44"},"modified":"2023-03-10T11:27:38","modified_gmt":"2023-03-10T10:27:38","slug":"histoire","status":"publish","type":"post","link":"https:\/\/www.lespierrades.fr\/?p=44","title":{"rendered":"Notre Histoire"},"content":{"rendered":"\n<figure class=\"wp-block-gallery has-nested-images columns-default is-cropped wp-block-gallery-1 is-layout-flex wp-block-gallery-is-layout-flex\">\n<figure class=\"wp-block-image size-large\"><img loading=\"lazy\" decoding=\"async\" width=\"768\" height=\"1024\" data-id=\"897\" src=\"http:\/\/www.lespierrades.fr\/wp-content\/uploads\/2023\/03\/chateau-depuis-la-cour-768x1024.jpg\" alt=\"\" class=\"wp-image-897\" srcset=\"https:\/\/www.lespierrades.fr\/wp-content\/uploads\/2023\/03\/chateau-depuis-la-cour-768x1024.jpg 768w, https:\/\/www.lespierrades.fr\/wp-content\/uploads\/2023\/03\/chateau-depuis-la-cour-675x900.jpg 675w, https:\/\/www.lespierrades.fr\/wp-content\/uploads\/2023\/03\/chateau-depuis-la-cour-1152x1536.jpg 1152w, https:\/\/www.lespierrades.fr\/wp-content\/uploads\/2023\/03\/chateau-depuis-la-cour-1536x2048.jpg 1536w, https:\/\/www.lespierrades.fr\/wp-content\/uploads\/2023\/03\/chateau-depuis-la-cour-scaled.jpg 1920w\" sizes=\"auto, (max-width: 768px) 100vw, 768px\" \/><\/figure>\n<\/figure>\n\n\n<h2>Histoire du domaine\u00a0<\/h2>\n<p>Le domaine des Pierrades est construit sur les d\u00e9pendances du ch\u00e2teau de Montcalm. Toute l&rsquo;architecture du lieu provient de l&rsquo;id\u00e9e de Noilly Prat, un bourgeois marseillais produit de la r\u00e9volution fran\u00e7aise. Il a choisi ce lieu pour son potentiel viticole.<\/p>\n<p>R\u00e9sulte de ses activit\u00e9s un ch\u00e2teau, une chapelle et surtout trois d\u00e9pendances qui forment aujourd&rsquo;hui le domaine des Pierrades en Camargue.<\/p>\n<p>En 1980 nous avons fait acquisition d&rsquo;une premier b\u00e2timent, puis d&rsquo;un second et finalement d&rsquo;un troisi\u00e8me. Aujourd&rsquo;hui, nos locations sont r\u00e9parties dans ces b\u00e2timents, autour d&rsquo;une cour principale, espace que nous voulons convivial, utile et chaleureux. Pour cela, nous avons install\u00e9 un barbecue dans un ancien four \u00e0 pain, de plus, chaque appartement poss\u00e8de une table qui lui est associ\u00e9 dans la cour principale.<\/p>\n<p>Petit \u00e0 petit, votre h\u00f4te Edouard a fa\u00e7onn\u00e9 chaque appartement afin d&rsquo;en faire des espaces de vie agr\u00e9able au possible.\u00a0<\/p>\n<p>Pour ne citer qu&rsquo;eux, les derniers travaux de r\u00e9novation ont concern\u00e9 l&rsquo;appartement de l&rsquo;olivier, de la peinture au parquet en passant par des meubles faits main, le g\u00eete est m\u00e9connaissable.<\/p>\n<h2>Histoire de la Camargue<\/h2>\n<p>Les visiteurs de la Camargue gardoise y trouvent \u00e0 la fois une grande diversit\u00e9 au niveau des paysages avec ses marais, ses pin\u00e8des et ses plages mais aussi sur le plan historique et culturel avec les vestiges de la civilisation romaine et des peuples qui lui ont succ\u00e9d\u00e9.<\/p>\n<p>\u00a0<a href=\"http:\/\/www.lespierrades.fr\/wp-content\/uploads\/2015\/01\/flamant2.jpg\"><img loading=\"lazy\" decoding=\"async\" src=\"http:\/\/www.lespierrades.fr\/wp-content\/uploads\/2015\/01\/flamant2.jpg\" alt=\"flamant2\" width=\"600\" height=\"450\" \/><\/a><\/p>\n<p>L&rsquo;ANTIQUITE<\/p>\n<p>Les premi\u00e8res traces de la pr\u00e9sence de l\u2019homme en Camargue remontent \u00e0 l\u2019Antiquit\u00e9. Les Ligures, peuple autochtone vivant sur les bords de la M\u00e9diterran\u00e9e vivaient de la p\u00eache dans l\u2019\u00e9tang du Vaccar\u00e8s. Puis les Romains commenc\u00e8rent la mise en culture du delta du Rh\u00f4ne et am\u00e9nag\u00e8rent les premiers marais salants sur le territoire d\u2019Aigues-Mortes. Les anciennes villes romaines N\u00eemes ou Arles avec leurs ar\u00e8nes, la maison carr\u00e9e ou encore le pont du Gard en t\u00e9moignent encore aujourd&rsquo;hui. Ces sites ouverts au public font partie du patrimoine\u00a0r\u00e9gional\u00a0et sont tr\u00e8s appr\u00e9ci\u00e9es des vacanciers.\u00a0<\/p>\n<p>D\u2019autres peuples se seraient aussi install\u00e9s en Camargue comme les Vikings, qui\u00a0 auraient pass\u00e9 l\u2019hiver 859 aux Saintes-Maries-de-la-Mer, ou bien les Sarrasins au cours du X\u00e8me si\u00e8cle cependant il ne reste que tr\u00e8s peu de traces de leur passage.<\/p>\n<p>LE MOYEN AGE<\/p>\n<p>Au cours du Moyen-\u00e2ge les moines ass\u00e9ch\u00e8rent les marais et d\u00e9velopp\u00e8rent l\u2019agriculture, les for\u00eats sont aussi exploit\u00e9es afin de fournir du bois pour la marine. En 1240 Louis IX dit Saint-Louis rach\u00e8te aux moines les terres d\u2019Aigues-Mortes pour en faire un port fortifi\u00e9 et ainsi b\u00e9n\u00e9ficier d\u2019un acc\u00e8s direct \u00e0 la mer M\u00e9diterran\u00e9e. Il fait construire la tour Carbonni\u00e8re, tour de guet pour prot\u00e9ger l\u2019acc\u00e8s de la ville, et la tour de Constance pour abriter la garnison. Son fils et successeur entreprendra la poursuite des travaux des remparts, travaux qui ne s\u2019ach\u00e8veront que 30 ans plus tard et sont aujourd&rsquo;hui visit\u00e9s par de nombreux vacanciers. Aigues-Mortes sera le point de d\u00e9part de Saint-Louis pour lancer les 7\u00e8me et 8\u00e8me croisades vers l&rsquo;Egypte.<\/p>\n<div>\n<dl id=\"attachment_469\">\n<dt><a href=\"http:\/\/www.lespierrades.fr\/wp-content\/uploads\/2015\/01\/saint-louis.jpg\"><img loading=\"lazy\" decoding=\"async\" src=\"http:\/\/www.lespierrades.fr\/wp-content\/uploads\/2015\/01\/saint-louis-150x150.jpg\" alt=\"\" width=\"274\" height=\"274\" \/><\/a><\/dt>\n<dd>Saint Louis<\/dd>\n<\/dl>\n<\/div>\n<p>Du XVII\u00e8me au XIX\u00e8me si\u00e8cle, l\u2019extension des salins et des bourgs contribu\u00e8rent \u00e0<br \/>l\u2019avanc\u00e9e de\u00a0l\u2019agriculture dans le delta. Au cours du XX\u00e8me si\u00e8cle, l\u2019intensification\u00a0de la riziculture<br \/>et du mara\u00eechage accentue l\u2019industrialisation et l\u2019urbanisation de la Camargue et<br \/>entra\u00eene par\u00a0cons\u00e9quence, la r\u00e9gression des zones humides dans le delta.<\/p>\n<p>\u00a0<\/p>\n<p>CULTURE<\/p>\n<div>\n<dl id=\"attachment_468\">\n<dt><a href=\"http:\/\/www.lespierrades.fr\/wp-content\/uploads\/2015\/01\/Paul_C\u00e9zanne_108.jpg\"><img loading=\"lazy\" decoding=\"async\" src=\"http:\/\/www.lespierrades.fr\/wp-content\/uploads\/2015\/01\/Paul_C\u00e9zanne_108-150x150.jpg\" alt=\"Paul_C\u00e9zanne_108\" width=\"270\" height=\"270\" \/><\/a><\/dt>\n<dd>Paul C\u00e9zanne<\/dd>\n<\/dl>\n<\/div>\n<p>Les alentours ont accueilli \u00e9galement de\u00a0nombreux peintres de renom comme Van Gogh<br \/>\u00e0 Arles et Paul\u00a0C\u00e9zanne\u00a0\u00e0 Aix-en-Provence.\u00a0Les amateurs appr\u00e9cieront aussi les\u00a0nombreuses<br \/>galeries de peinture et sculptures des villages alentours, souvent inspir\u00e9es des traditions<br \/>taurines ou de la faune et la flore locales.<\/p>\n<p>Depuis la fin du VII \u00e8me\u00a0si\u00e8cle\u00a0le patrimoine religieux attire les p\u00e9lerins dans ce<br \/>village m\u00e9diterran\u00e9en. Etape importante du chemin de Saint-Jacques de Compostelle,<br \/>l&rsquo;abbatiale de Saint-Gilles est class\u00e9e au patrimoine mondial de \u00a0l&rsquo;UNESCO.<\/p>\n<p>Une r\u00e9gion riche en histoire et qui fut un des plus importants lieux d&rsquo;\u00e9change\u00a0du Sud de la France depuis l&rsquo;antiquit\u00e9. De nombreux sites sont \u00e0 visiter et les vacanciers\u00a0nous confient souvent avoir besoin de plusieurs s\u00e9jours dans la r\u00e9gion pour en faire le tour.<\/p>\n\n\n<figure class=\"wp-block-image size-large\"><img loading=\"lazy\" decoding=\"async\" width=\"1024\" height=\"768\" src=\"http:\/\/www.lespierrades.fr\/wp-content\/uploads\/2023\/03\/Chateau-du-XIXeme-siecle-face-a-la-cour-principale-1024x768.jpg\" alt=\"\" class=\"wp-image-889\" srcset=\"https:\/\/www.lespierrades.fr\/wp-content\/uploads\/2023\/03\/Chateau-du-XIXeme-siecle-face-a-la-cour-principale-1024x768.jpg 1024w, https:\/\/www.lespierrades.fr\/wp-content\/uploads\/2023\/03\/Chateau-du-XIXeme-siecle-face-a-la-cour-principale-900x675.jpg 900w, https:\/\/www.lespierrades.fr\/wp-content\/uploads\/2023\/03\/Chateau-du-XIXeme-siecle-face-a-la-cour-principale-768x576.jpg 768w, https:\/\/www.lespierrades.fr\/wp-content\/uploads\/2023\/03\/Chateau-du-XIXeme-siecle-face-a-la-cour-principale-1536x1152.jpg 1536w, https:\/\/www.lespierrades.fr\/wp-content\/uploads\/2023\/03\/Chateau-du-XIXeme-siecle-face-a-la-cour-principale-2048x1536.jpg 2048w\" sizes=\"auto, (max-width: 1024px) 100vw, 1024px\" \/><\/figure>\n","protected":false},"excerpt":{"rendered":"<p>Histoire du domaine\u00a0 Le domaine des Pierrades est construit sur les d\u00e9pendances du ch\u00e2teau de Montcalm. Toute l&rsquo;architecture du lieu provient de l&rsquo;id\u00e9e de Noilly Prat, un bourgeois marseillais produit de la r\u00e9volution fran\u00e7aise. Il a choisi ce lieu pour son potentiel viticole. R\u00e9sulte de ses activit\u00e9s un ch\u00e2teau, une chapelle et surtout trois d\u00e9pendances [&hellip;]<\/p>\n","protected":false},"author":1,"featured_media":0,"comment_status":"open","ping_status":"open","sticky":false,"template":"","format":"standard","meta":{"_acf_changed":false,"footnotes":""},"categories":[1],"tags":[],"class_list":["post-44","post","type-post","status-publish","format-standard","hentry","category-non-classe"],"acf":[],"_links":{"self":[{"href":"https:\/\/www.lespierrades.fr\/index.php?rest_route=\/wp\/v2\/posts\/44","targetHints":{"allow":["GET"]}}],"collection":[{"href":"https:\/\/www.lespierrades.fr\/index.php?rest_route=\/wp\/v2\/posts"}],"about":[{"href":"https:\/\/www.lespierrades.fr\/index.php?rest_route=\/wp\/v2\/types\/post"}],"author":[{"embeddable":true,"href":"https:\/\/www.lespierrades.fr\/index.php?rest_route=\/wp\/v2\/users\/1"}],"replies":[{"embeddable":true,"href":"https:\/\/www.lespierrades.fr\/index.php?rest_route=%2Fwp%2Fv2%2Fcomments&post=44"}],"version-history":[{"count":77,"href":"https:\/\/www.lespierrades.fr\/index.php?rest_route=\/wp\/v2\/posts\/44\/revisions"}],"predecessor-version":[{"id":1042,"href":"https:\/\/www.lespierrades.fr\/index.php?rest_route=\/wp\/v2\/posts\/44\/revisions\/1042"}],"wp:attachment":[{"href":"https:\/\/www.lespierrades.fr\/index.php?rest_route=%2Fwp%2Fv2%2Fmedia&parent=44"}],"wp:term":[{"taxonomy":"category","embeddable":true,"href":"https:\/\/www.lespierrades.fr\/index.php?rest_route=%2Fwp%2Fv2%2Fcategories&post=44"},{"taxonomy":"post_tag","embeddable":true,"href":"https:\/\/www.lespierrades.fr\/index.php?rest_route=%2Fwp%2Fv2%2Ftags&post=44"}],"curies":[{"name":"wp","href":"https:\/\/api.w.org\/{rel}","templated":true}]}}