{"id":40,"date":"2013-07-17T13:52:37","date_gmt":"2013-07-17T12:52:37","guid":{"rendered":"http:\/\/www.lespierrades.fr\/?p=40"},"modified":"2023-06-27T08:35:04","modified_gmt":"2023-06-27T07:35:04","slug":"dans-la-region","status":"publish","type":"post","link":"https:\/\/www.lespierrades.fr\/?p=40","title":{"rendered":"A visiter dans la r\u00e9gion"},"content":{"rendered":"<p style=\"text-align: center;\">Le Sud de la France est une fabuleuse destination pour les vacanciers. Voici quelques lieux int\u00e9ressants situ\u00e9s \u00e0 moins de 2h de route et qui valent le d\u00e9tour lorsque vous visiterez notre belle r\u00e9gion.<\/p>\n<p><span style=\"color: #616161;\">\u00a0<\/span><\/p>\n<p style=\"text-align: center;\"><a href=\"http:\/\/www.lespierrades.fr\/wp-content\/uploads\/2015\/01\/calanque-zone-baignade-en-vau.jpg\"><img loading=\"lazy\" decoding=\"async\" class=\"size-full wp-image-508 aligncenter\" src=\"http:\/\/www.lespierrades.fr\/wp-content\/uploads\/2015\/01\/calanque-zone-baignade-en-vau.jpg\" alt=\"calanque-zone-baignade-en-vau\" width=\"629\" height=\"418\" \/><\/a><\/p>\n<p>LES CALANQUES<\/p>\n<p>Ce parc naturel qui borde Marseille est l&rsquo;un des plus beaux de France et offre aux randonneurs\u00a0des panoramas inoubliables sur\u00a0la M\u00e9diterran\u00e9e. Ses roches blanches et la mer d&rsquo;un bleu profond\u00a0pr\u00e9sentent un contraste tr\u00e8s marqu\u00e9 qui fera le bonheur \u00e0 la fois des plaisanciers et des\u00a0amateurs de ses plages seulement accessibles \u00e0 pied et nich\u00e9es entre les falaises tombant\u00a0sur la mer. Cr\u00e8me solaire, appareil photo, masque et tubas sont vivement conseill\u00e9s !<\/p>\n<p><span style=\"color: #616161;\">\u00a0<\/span><\/p>\n<p style=\"text-align: right;\">LES BAUX DE PROVENCE<\/p>\n<p style=\"text-align: right;\">Ce petit village de quelques centaines d&rsquo;habitants autrefois construit \u00e0 m\u00eame\u00a0la roche attire chaque ann\u00e9e plus d&rsquo;un demi million de visiteurs. Consid\u00e9r\u00e9\u00a0comme l&rsquo;un des plus beaux de France, il pr\u00e9sente des traces d&rsquo;habitation\u00a0remontant \u00e0 6000 ans avant J-C et a toujours offert \u00e0 sa population une vue imprenable sur la r\u00e9gion. \u00a0Une forteresse en a fait une place forte durant le Moyen-\u00c2ge, elle a connu une histoire militaire mouvement\u00e9e et \u00e9t\u00e9 l&rsquo;objet de nombreux assauts. Le solide donjon qui\u00a0domine encore aujourd&rsquo;hui rappelle l&rsquo;importance de ce ch\u00e2teau,\u00a0objet de toutes les convoitises de l&rsquo;\u00e9poque. Du haut de cet \u00e9difice les princes de Baux contr\u00f4laient toute la Provence\u00a0et plusieurs dizaines de villes et domaines.<\/p>\n<p><span style=\"color: #616161;\">\u00a0<\/span><\/p>\n<p>LE PONT DU GARD<\/p>\n<p>Cet \u00e9difice romain est un aqueduc \u00e0 3 niveaux qui alimentait autrefois la ville\u00a0de N\u00eemes et ses\u00a0alentours en eaux.<br \/>\nIl enjambe le Gardon et se visite soit \u00e0 pied soit en cano\u00eb en descendant\u00a0la rivi\u00e8re. Construit autour de l&rsquo;an 1000,\u00a0il est\u00a0aujourd&rsquo;hui class\u00e9 au patrimoine mondial de\u00a0l&rsquo;UNESCO et est consid\u00e9r\u00e9\u00a0comme un des plus beaux vestiges<br \/>\nromain pour ses dimensions et\u00a0son excellent \u00e9tat de conservation.<\/p>\n<p><span style=\"color: #616161;\">\u00a0<\/span><\/p>\n<p>LES\u00a0C\u00c9VENNES<\/p>\n<p style=\"text-align: right;\">Les\u00a0C\u00e9vennes\u00a0forment une cha\u00eene montagneuse\u00a0faisant partie du Massif central,<br \/>\nsitu\u00e9e entre les d\u00e9partements\u00a0de la Loz\u00e8re et du Gard. Le climat y est montagnard et les paysages principalement constitu\u00e9s de for\u00eats et de plaines en haut des causses.<br \/>\nLe petit train des C\u00e9vennes permet aux voyageurs de s&rsquo;y promener \u00e0 bord d&rsquo;un ancienne voie ferr\u00e9e restaur\u00e9e et de wagons men\u00e9s par une locomotive \u00e0 vapeur d&rsquo;\u00e9poque. A l&rsquo;automne, la r\u00e9gion fait \u00e9galement le bonheur des amateurs de ch\u00e2taignes et de champignons.<\/p>\n<p><span style=\"color: #616161;\">\u00a0<\/span><\/p>\n<p><span style=\"color: #616161;\">\u00a0<\/span><\/p>\n<p style=\"text-align: center;\">De nombreux prospectus sont \u00e0 votre disposition dans nos g\u00eetes et nous serons ravis de vous faire partager nos coups<br \/>\nde\u00a0c\u0153ur\u00a0et de vous conseiller dans vos visites.<\/p>\n<p><span style=\"color: #616161;\">\u00a0<\/span><\/p>\n","protected":false},"excerpt":{"rendered":"<p>Le Sud de la France est une fabuleuse destination pour les vacanciers. Voici quelques lieux int\u00e9ressants situ\u00e9s \u00e0 moins de 2h de route et qui valent le d\u00e9tour lorsque vous visiterez notre belle r\u00e9gion. \u00a0 LES CALANQUES Ce parc naturel qui borde Marseille est l&rsquo;un des plus beaux de France et offre aux randonneurs\u00a0des panoramas [&hellip;]<\/p>\n","protected":false},"author":1,"featured_media":0,"comment_status":"open","ping_status":"open","sticky":false,"template":"","format":"standard","meta":{"_acf_changed":false,"footnotes":""},"categories":[1],"tags":[],"class_list":["post-40","post","type-post","status-publish","format-standard","hentry","category-non-classe"],"acf":[],"_links":{"self":[{"href":"https:\/\/www.lespierrades.fr\/index.php?rest_route=\/wp\/v2\/posts\/40","targetHints":{"allow":["GET"]}}],"collection":[{"href":"https:\/\/www.lespierrades.fr\/index.php?rest_route=\/wp\/v2\/posts"}],"about":[{"href":"https:\/\/www.lespierrades.fr\/index.php?rest_route=\/wp\/v2\/types\/post"}],"author":[{"embeddable":true,"href":"https:\/\/www.lespierrades.fr\/index.php?rest_route=\/wp\/v2\/users\/1"}],"replies":[{"embeddable":true,"href":"https:\/\/www.lespierrades.fr\/index.php?rest_route=%2Fwp%2Fv2%2Fcomments&post=40"}],"version-history":[{"count":48,"href":"https:\/\/www.lespierrades.fr\/index.php?rest_route=\/wp\/v2\/posts\/40\/revisions"}],"predecessor-version":[{"id":1127,"href":"https:\/\/www.lespierrades.fr\/index.php?rest_route=\/wp\/v2\/posts\/40\/revisions\/1127"}],"wp:attachment":[{"href":"https:\/\/www.lespierrades.fr\/index.php?rest_route=%2Fwp%2Fv2%2Fmedia&parent=40"}],"wp:term":[{"taxonomy":"category","embeddable":true,"href":"https:\/\/www.lespierrades.fr\/index.php?rest_route=%2Fwp%2Fv2%2Fcategories&post=40"},{"taxonomy":"post_tag","embeddable":true,"href":"https:\/\/www.lespierrades.fr\/index.php?rest_route=%2Fwp%2Fv2%2Ftags&post=40"}],"curies":[{"name":"wp","href":"https:\/\/api.w.org\/{rel}","templated":true}]}}