{"id":38,"date":"2013-07-17T13:52:04","date_gmt":"2013-07-17T12:52:04","guid":{"rendered":"http:\/\/www.lespierrades.fr\/?p=38"},"modified":"2023-03-02T18:00:06","modified_gmt":"2023-03-02T17:00:06","slug":"a-proximite","status":"publish","type":"post","link":"https:\/\/www.lespierrades.fr\/?p=38","title":{"rendered":"A proximit\u00e9"},"content":{"rendered":"<p style=\"text-align: center;\">Comment d\u00e9crire en quelques lignes un endroit si riche? Les g\u00eetes Les Pierrades sont \u00e0 quelques dizaines de minutes des principales plages de la r\u00e9gion et de nombreux villages et leurs divertissements.<\/p>\n<h2 style=\"text-align: center;\"><span style=\"color: #616161;\"><a href=\"http:\/\/www.lespierrades.fr\/wp-content\/uploads\/2015\/01\/croix-de-camargue.jpg\"><span style=\"color: #616161;\"><img loading=\"lazy\" decoding=\"async\" class=\"aligncenter size-full wp-image-461\" src=\"http:\/\/www.lespierrades.fr\/wp-content\/uploads\/2015\/01\/croix-de-camargue.jpg\" alt=\"croix-de-camargue\" width=\"630\" height=\"315\" \/><\/span><\/a><\/span><\/h2>\n<p><span style=\"color: #616161;\">\u00a0Ci dessus le symbole de la camargue: la croix camarguaise<\/span><\/p>\n<h2><span style=\"color: #616161;\"><a href=\"http:\/\/www.lespierrades.fr\/wp-content\/uploads\/2015\/01\/plage-grau.jpg\"><img loading=\"lazy\" decoding=\"async\" class=\"alignright size-thumbnail wp-image-592\" src=\"http:\/\/www.lespierrades.fr\/wp-content\/uploads\/2015\/01\/plage-grau-150x150.jpg\" alt=\"plage grau\" width=\"150\" height=\"150\" \/><\/a><\/span><\/h2>\n<ul>\n<li>\n<p><span style=\"color: #616161;\"><strong>\u00a0 \u00a0LES PLAGES<\/strong><\/span><\/p>\n<\/li>\n<\/ul>\n<p><span style=\"color: #616161;\">Notre hameau est id\u00e9alement situ\u00e9 \u00e0 mi-chemin des plages les plus populaires de la r\u00e9gion. Toutes constitu\u00e9es de sable fin,\u00a0les Saintes-Maries de la Mer sont \u00e0 20 min tout comme le Grau-du-Roi et la Grande-Motte est \u00e0 25 min. L&rsquo;immense plage\u00a0de l&rsquo;Espiguette class\u00e9e au r\u00e9seau Grand Site de France est \u00e9galement \u00e0 proximit\u00e9 (25 min).<\/span><\/p>\n<h2><span style=\"color: #616161;\">\u00a0<\/span><\/h2>\n<p><a href=\"http:\/\/www.lespierrades.fr\/wp-content\/uploads\/2015\/01\/Camargue_flamands_roses.jpg\"><span style=\"color: #616161;\"><img loading=\"lazy\" decoding=\"async\" class=\"alignleft size-thumbnail wp-image-477\" src=\"http:\/\/www.lespierrades.fr\/wp-content\/uploads\/2015\/01\/Camargue_flamands_roses-150x150.jpg\" alt=\"Camargue_flamands_roses\" width=\"150\" height=\"150\" \/><\/span><\/a><span style=\"color: #616161;\"><strong>\u00a0 \u00a0 \u00a0 \u00a0 \u00a0 \u00a0 \u00a0 \u00a0 \u00a0 \u00a0 \u00a0LES MARAIS CAMARGUAIS<\/strong><\/span><\/p>\n<p style=\"text-align: right;\"><span style=\"color: #616161;\">Pour les amoureux de la nature et de la R\u00e9serve Naturelle de Camargue, de nombreuses voies vertes de randonn\u00e9es,\u00a0<\/span><span style=\"color: #616161;\">\u00e0 pied ou \u00e0 v\u00e9lo, et des parcs ornithologiques sont aussi situ\u00e9s \u00e0 proximit\u00e9.\u00a0Toute cette zone laguno-marine constitue un habitat\u00a0<\/span><span style=\"color: #616161;\">de choix pour une flore et\u00a0<\/span><span style=\"color: #616161;\">faune sp\u00e9cifique o\u00f9 les esp\u00e8ces\u00a0sont fragiles et adapt\u00e9es au sel comme les sansouires, les h\u00e9rons\u00a0<\/span><span style=\"color: #616161;\">cendr\u00e9s ou pourpr\u00e9s, les avocettes ou encore les flamants roses.\u00a0Les amateurs de paysages ont le choix entre des zones de\u00a0rizi\u00e8res,\u00a0<\/span><span style=\"color: #616161;\">de marais ou de pr\u00e9s\u00a0sal\u00e9s, de lagunes et leurs sentiers\u00a0de promenade, la visite des lagunes salicoles et les milieux dunaires.<\/span><\/p>\n<h2><span style=\"color: #616161;\">\u00a0<\/span><\/h2>\n<ul>\n<li>\n<p><span style=\"color: #616161;\"><strong>\u00a0 LES TRADITIONS TAURINES et\u00a0<\/strong><\/span><span style=\"color: #616161;\"><b>\u00c9QUESTRES<\/b><\/span><\/p>\n<\/li>\n<\/ul>\n<p style=\"text-align: left;\"><span style=\"color: #616161;\">Durant la p\u00e9riode estivale, de nombreuses animations se concentrent autour des traditions taurines. Tout au long de l&rsquo;\u00e9t\u00e9\u00a0se succ\u00e8dent des f\u00eates de villages o\u00f9 les traditions camarguaises sont \u00e0 l&rsquo;honneur avec de\u00a0<\/span><span style=\"color: #616161;\">nombreux\u00a0<\/span><span style=\"color: #616161;\">l\u00e2chers de taureaux dans\u00a0les rues entour\u00e9s par les gardians \u00e0 cheval. Les ar\u00e8nes de la r\u00e9gion accueillent \u00e9galement <\/span><span style=\"color: #616161;\">des courses camarguaises o\u00f9 des razeteurs viennent d\u00e9fier les taureaux devant les yeux du public.\u00a0<\/span><span style=\"color: #616161;\">Les cavaliers\u00a0de la r\u00e9gion pratiquent la monte camarguaise, une discipline d&rsquo;\u00e9quitation o\u00f9 c&rsquo;est d&rsquo;une seule main\u00a0<\/span><span style=\"color: #616161;\">que vous dirigez votre cheval blanc. Des\u00a0promenades \u00e0 cheval\u00a0pour s&rsquo;y initier sont disponibles \u00e0 moins de 2 km du hameau de Montcalm.<\/span><\/p>\n<p><span style=\"color: #616161;\">Apr\u00e8s <\/span>les\u00a0traditions taurines camarguaises\u00a0, la r\u00e9gion est aussi riche en traditions taurines espagnoles avec les c\u00e9l<span style=\"color: #616161;\">\u00e8bres corridas. Les villes de N\u00eemes et d&rsquo;Arles accueillent chaque ann\u00e9e les plus grand tor\u00e9adors dans leurs ar\u00e8nes lors de leurs f\u00e9rias.<img loading=\"lazy\" decoding=\"async\" class=\" wp-image-219 alignleft\" src=\"http:\/\/www.lespierrades.fr\/wp-content\/uploads\/2013\/10\/DSC_2183-150x150.jpg\" alt=\"\" width=\"178\" height=\"178\" \/><\/span><\/p>\n<figure id=\"attachment_709\" aria-describedby=\"caption-attachment-709\" style=\"width: 183px\" class=\"wp-caption alignleft\"><img loading=\"lazy\" decoding=\"async\" class=\" wp-image-709\" src=\"http:\/\/www.lespierrades.fr\/wp-content\/uploads\/2019\/01\/gardian-dos-150x150.jpg\" alt=\"\" width=\"183\" height=\"183\" \/><figcaption id=\"caption-attachment-709\" class=\"wp-caption-text\">gardians dans les marais<\/figcaption><\/figure>\n<ul>\n<li style=\"text-align: left;\">\n<p><span style=\"color: #616161;\"><strong>\u00a0LES VIGNOBLES<\/strong><\/span><\/p>\n<\/li>\n<\/ul>\n<p style=\"text-align: right;\"><span style=\"color: #616161;\">Etendus sur plus de 3000 hectares, les vignobles de Petite Camargue produisent des vins rouges, blancs, ros\u00e9s et gris sous l&rsquo;appellation \u00ab\u00a0<\/span><span style=\"color: #0000ff;\">Vin des Sables<\/span><span style=\"color: #616161;\">\u00ab\u00a0. La r\u00e9gion est \u00e9galement bord\u00e9e au Nord par les \u00ab\u00a0<span style=\"color: #0000ff;\">Costi\u00e8res de N\u00eemes<\/span>\u00ab\u00a0, autre grande appellation fran\u00e7aise. Les viticulteurs avoisinants produisent aussi des vins plus liquoreux comme des muscats, tr\u00e8s fruit\u00e9s et \u00e0 boire bien frais durant la p\u00e9riode estivale.<\/span><\/p>\n<h2><span style=\"color: #616161;\">\u00a0<\/span><\/h2>\n<h2><a href=\"http:\/\/www.lespierrades.fr\/wp-content\/uploads\/2015\/01\/remparts-aigues-mortes.jpg\"><span style=\"color: #616161;\"><img loading=\"lazy\" decoding=\"async\" class=\"size-thumbnail wp-image-593 alignright\" src=\"http:\/\/www.lespierrades.fr\/wp-content\/uploads\/2015\/01\/remparts-aigues-mortes-150x150.jpg\" alt=\"remparts-aigues-mortes\" width=\"150\" height=\"150\" \/><\/span><\/a><\/h2>\n<ul>\n<li>\n<p><span style=\"color: #616161;\"><strong>AIGUES-MORTES<\/strong> (10km)<\/span><\/p>\n<\/li>\n<\/ul>\n<p><span style=\"color: #616161;\">Cette cit\u00e9 m\u00e9di\u00e9vale fortifi\u00e9e gr\u00e2ce \u00e0 ses remparts organise ses march\u00e9s qui regorgent de produits locaux\u00a0les dimanches et mercredis. Les fortifications se visitent et le choix de restaurant est impressionnant. Chaque ann\u00e9e, les aigues-mortais c\u00e9l\u00e8brent la f\u00eate de la Saint-Louis au mois d&rsquo;ao\u00fbt, un hommage en costume d&rsquo;\u00e9poque au roi Saint-Louis et \u00e0 son apport \u00e0 la ville qui fut le d\u00e9part de plusieurs croisades.<\/span><\/p>\n<figure id=\"attachment_469\" aria-describedby=\"caption-attachment-469\" style=\"width: 150px\" class=\"wp-caption aligncenter\"><img loading=\"lazy\" decoding=\"async\" class=\"size-thumbnail wp-image-469\" src=\"http:\/\/www.lespierrades.fr\/wp-content\/uploads\/2015\/01\/saint-louis-150x150.jpg\" alt=\"\" width=\"150\" height=\"150\" \/><figcaption id=\"caption-attachment-469\" class=\"wp-caption-text\">Le roi Saint-Louis<\/figcaption><\/figure>\n<h2><img loading=\"lazy\" decoding=\"async\" class=\" wp-image-361 alignleft\" src=\"http:\/\/www.lespierrades.fr\/wp-content\/uploads\/2014\/03\/Logo-contact-150x150.png\" alt=\"\" width=\"134\" height=\"134\" \/><\/h2>\n<h2><span style=\"color: #616161;\">\u00a0<\/span><\/h2>\n<h2><a style=\"text-align: right;\" href=\"http:\/\/www.lespierrades.fr\/wp-content\/uploads\/2015\/01\/feria-cheval.jpg\"><span style=\"color: #616161;\"><img loading=\"lazy\" decoding=\"async\" class=\"alignleft size-thumbnail wp-image-590\" src=\"http:\/\/www.lespierrades.fr\/wp-content\/uploads\/2015\/01\/feria-cheval-150x150.jpg\" alt=\"feria cheval\" width=\"150\" height=\"150\" \/><\/span><\/a><\/h2>\n<ul>\n<li style=\"text-align: left;\">\n<p><span style=\"color: #616161;\"><strong>LES SAINTES-MARIES DE LA MER<\/strong> (15km)<\/span><\/p>\n<\/li>\n<\/ul>\n<p style=\"text-align: left;\"><span style=\"color: #616161;\">Ce petit village de p\u00eacheurs abrite plusieurs belles plages, restaurants et magasins de souvenirs. Chaque ann\u00e9e autour du 14 juillet on y c\u00e9l\u00e8bre la F\u00e9ria du Cheval, l&rsquo;occasion de pr\u00e9senter les plus belles montures lors de concours \u00e9questres et de replonger dans les traditions camarguaises locales. La ville est aussi un lieu de culte important au sein des croyances gitanes avec une c\u00e9r\u00e9monie annuelle au mois de mai qui rassemble\u00a0<\/span><span style=\"color: #616161;\">des\u00a0<\/span><span style=\"color: #616161;\">gens du voyage de l&rsquo;Europe toute enti\u00e8re.<\/span><\/p>\n<ul>\n<li>\n<p><span style=\"color: #616161;\"><strong>LE GRAU DU ROI<\/strong> (20km)<\/span><\/p>\n<\/li>\n<\/ul>\n<h2><a href=\"http:\/\/www.lespierrades.fr\/wp-content\/uploads\/2015\/01\/joute.jpg\"><img loading=\"lazy\" decoding=\"async\" class=\"alignright  wp-image-591\" src=\"http:\/\/www.lespierrades.fr\/wp-content\/uploads\/2015\/01\/joute-150x150.jpg\" alt=\"joute\" width=\"194\" height=\"194\" \/><\/a><\/h2>\n<p><span style=\"color: #616161;\">Autre destination clef pour les amateurs de sable fin, ces villes vivent principalement du tourisme et savent comment \u00a0accueillir les vacanciers. Les\u00a0plages y sont immenses et les boutiques de souvenirs et restaurants avec vue sur la mer y sont en nombre. Des animations \u00e0 base de taureaux, chevaux et spectacles en tout genre s&rsquo;y tiennent tout l&rsquo;\u00e9t\u00e9. Elles se cl\u00f4turent avec la f\u00eate du village courant septembre ou les locaux s&rsquo;adonnent \u00e0 des joutes fluviales conformes \u00e0 la tradition. \u00a0Avec les plages, les ports, les activit\u00e9s estivales et les villages de Port-Camargue ou la Grande-Motte \u00e0 proximit\u00e9, \u00a0ce littoral est un lieu de passage oblig\u00e9 des vacanciers dans la r\u00e9gion.<\/span><\/p>\n<h2><span style=\"color: #616161;\">\u00a0<\/span><\/h2>\n<h2><a style=\"text-align: right;\" href=\"http:\/\/www.lespierrades.fr\/wp-content\/uploads\/2015\/01\/patrimoine_maison_carree.jpg\"><span style=\"color: #616161;\"><img loading=\"lazy\" decoding=\"async\" class=\"alignleft size-thumbnail wp-image-478\" src=\"http:\/\/www.lespierrades.fr\/wp-content\/uploads\/2015\/01\/patrimoine_maison_carree-150x150.jpg\" alt=\"patrimoine_maison_carree\" width=\"150\" height=\"150\" \/><\/span><\/a><\/h2>\n<ul>\n<li style=\"text-align: left;\">\n<p><span style=\"color: #616161;\"><strong>NIMES<\/strong> (40km)<\/span><\/p>\n<\/li>\n<\/ul>\n<p style=\"text-align: right;\"><span style=\"color: #616161;\">Ancienne ville romaine, elle a su conserver de nombreux vestiges dont plusieurs encore accessibles aux visiteurs. On pensera notamment \u00e0 ses c\u00e9l\u00e8bres Ar\u00e8nes et \u00e0 la Maison Carr\u00e9. \u00a0Les Ar\u00e8nes accueillent tout l&rsquo;\u00e9t\u00e9 plusieurs artistes en concert et servent d&rsquo;amphith\u00e9\u00e2tre lors des corridas au moment des f\u00e9rias de la pentec\u00f4te et des vendanges. La ville re\u00e7oit plus d&rsquo;un million de visiteurs de toute l&rsquo;Europe pendant ces weekend festifs et riches de traditions taurines espagnoles.<\/span><\/p>\n<ul>\n<li>\n<p><span style=\"color: #616161;\"><strong>MONTPELLIER<\/strong> (45km)<\/span><span style=\"color: #616161;\">Apr\u00e8s N\u00eemes, c&rsquo;est la deuxi\u00e8me grande ville de la r\u00e9gion et le centre culturel de l&rsquo;H\u00e9rault. Son centre-ville pr\u00e9sente\u00a0<\/span><span style=\"color: #616161;\">encore les traces typiques d&rsquo;un village du sud de la France mais la dimension de la ville permet aussi l&rsquo;acc\u00e8s \u00e0 de grands centres commerciaux pour le shopping et \u00e0 de nombreux activit\u00e9s (cin\u00e9mas, th\u00e9\u00e2tres, patinoire, salles de concert). \u00a0La place de la com\u00e9die est le centre n\u00e9vralgique de la ville et \u00e0 la fois le c\u0153ur de son centre historique.<\/span><\/p>\n<\/li>\n<li>\n<p><strong><span style=\"color: #616161;\">\u00a0VAUVERT (20 km)<\/span><\/strong><\/p>\n<\/li>\n<\/ul>\n\n\n<p><a href=\"https:\/\/coeurdepetitecamargue.fr\/\">https:\/\/coeurdepetitecamargue.fr\/<\/a><\/p>\n\n\n\n<figure class=\"wp-block-image size-full is-resized\"><img loading=\"lazy\" decoding=\"async\" src=\"http:\/\/www.lespierrades.fr\/wp-content\/uploads\/2022\/03\/image.png\" alt=\"\" class=\"wp-image-790\" width=\"144\" height=\"149\"\/><\/figure>\n","protected":false},"excerpt":{"rendered":"<p>Comment d\u00e9crire en quelques lignes un endroit si riche? Les g\u00eetes Les Pierrades sont \u00e0 quelques dizaines de minutes des principales plages de la r\u00e9gion et de nombreux villages et leurs divertissements. \u00a0Ci dessus le symbole de la camargue: la croix camarguaise \u00a0 \u00a0LES PLAGES Notre hameau est id\u00e9alement situ\u00e9 \u00e0 mi-chemin des plages les [&hellip;]<\/p>\n","protected":false},"author":1,"featured_media":147,"comment_status":"open","ping_status":"open","sticky":false,"template":"","format":"standard","meta":{"_acf_changed":false,"footnotes":""},"categories":[1],"tags":[],"class_list":["post-38","post","type-post","status-publish","format-standard","has-post-thumbnail","hentry","category-non-classe"],"acf":[],"_links":{"self":[{"href":"https:\/\/www.lespierrades.fr\/index.php?rest_route=\/wp\/v2\/posts\/38","targetHints":{"allow":["GET"]}}],"collection":[{"href":"https:\/\/www.lespierrades.fr\/index.php?rest_route=\/wp\/v2\/posts"}],"about":[{"href":"https:\/\/www.lespierrades.fr\/index.php?rest_route=\/wp\/v2\/types\/post"}],"author":[{"embeddable":true,"href":"https:\/\/www.lespierrades.fr\/index.php?rest_route=\/wp\/v2\/users\/1"}],"replies":[{"embeddable":true,"href":"https:\/\/www.lespierrades.fr\/index.php?rest_route=%2Fwp%2Fv2%2Fcomments&post=38"}],"version-history":[{"count":98,"href":"https:\/\/www.lespierrades.fr\/index.php?rest_route=\/wp\/v2\/posts\/38\/revisions"}],"predecessor-version":[{"id":853,"href":"https:\/\/www.lespierrades.fr\/index.php?rest_route=\/wp\/v2\/posts\/38\/revisions\/853"}],"wp:featuredmedia":[{"embeddable":true,"href":"https:\/\/www.lespierrades.fr\/index.php?rest_route=\/wp\/v2\/media\/147"}],"wp:attachment":[{"href":"https:\/\/www.lespierrades.fr\/index.php?rest_route=%2Fwp%2Fv2%2Fmedia&parent=38"}],"wp:term":[{"taxonomy":"category","embeddable":true,"href":"https:\/\/www.lespierrades.fr\/index.php?rest_route=%2Fwp%2Fv2%2Fcategories&post=38"},{"taxonomy":"post_tag","embeddable":true,"href":"https:\/\/www.lespierrades.fr\/index.php?rest_route=%2Fwp%2Fv2%2Ftags&post=38"}],"curies":[{"name":"wp","href":"https:\/\/api.w.org\/{rel}","templated":true}]}}