{"id":35,"date":"2013-07-17T13:48:57","date_gmt":"2013-07-17T12:48:57","guid":{"rendered":"http:\/\/www.lespierrades.fr\/?p=35"},"modified":"2023-04-01T22:59:37","modified_gmt":"2023-04-01T21:59:37","slug":"sur-place","status":"publish","type":"post","link":"https:\/\/www.lespierrades.fr\/?p=35","title":{"rendered":"Sur place"},"content":{"rendered":"\n<p class=\"has-text-align-center\"><br><span style=\"color: #333333;\">En plus du calme ambiant du hameau recul\u00e9 dans les terres camarguaises et propice au repos et \u00e0 la d\u00e9tente, nous mettons \u00e0 votre disposition de nombreuses installations ext\u00e9rieures pour que vous profitiez au mieux de vos vacances.<\/span><\/p>\n\n\n\n<figure class=\"wp-block-image aligncenter size-medium\"><img loading=\"lazy\" decoding=\"async\" width=\"900\" height=\"675\" src=\"http:\/\/www.lespierrades.fr\/wp-content\/uploads\/2023\/04\/IMG_5133-1-900x675.jpg\" alt=\"\" class=\"wp-image-945\" srcset=\"https:\/\/www.lespierrades.fr\/wp-content\/uploads\/2023\/04\/IMG_5133-1-900x675.jpg 900w, https:\/\/www.lespierrades.fr\/wp-content\/uploads\/2023\/04\/IMG_5133-1-1024x768.jpg 1024w, https:\/\/www.lespierrades.fr\/wp-content\/uploads\/2023\/04\/IMG_5133-1-768x576.jpg 768w, https:\/\/www.lespierrades.fr\/wp-content\/uploads\/2023\/04\/IMG_5133-1-1536x1152.jpg 1536w, https:\/\/www.lespierrades.fr\/wp-content\/uploads\/2023\/04\/IMG_5133-1-2048x1536.jpg 2048w\" sizes=\"auto, (max-width: 900px) 100vw, 900px\" \/><\/figure>\n\n\n\n<p>NOTRE ENGAGEMENT HYGI\u00c8NE ET S\u00c9CURIT\u00c9 SANITAIRE<\/p>\n\n\n\n<p>Depuis la crise sanitaire li\u00e9e au Coronavirus (Covid-19), les Pierrades ont renforc\u00e9 leurs pratiques sanitaires. En effet, la s\u00e9curit\u00e9 de nos h\u00f4tes est primordiale, ainsi que leur bien-\u00eatre.<br><br>La distanciation sociale est une r\u00e9alit\u00e9 depuis le premier jour d&rsquo;ouverture ! En effet, notre domaine de 2000 m\u00b2 \u00e0 la campagne permet de respecter des distances de s\u00e9curit\u00e9. Chaque gite dispose de sa table ext\u00e9rieure particuli\u00e8re.<br><\/p>\n\n\n\n<p>Afin de respecter les bonnes pratiques, nous mettrons les cl\u00e9s et inventaires directement dans le gite et vous transmettrons toutes les informations n\u00e9cessaires \u00e0 votre bon s\u00e9jour.<br><br>Concernant la piscine nous \u00e9tablirons un planning de baignade pour chaque gite et d\u00e9sinfecterons les sanitaires plusieurs fois par jour.<br><br>De plus, nous nous engageons sur les points suivants :<\/p>\n\n\n\n<ul class=\"wp-block-list\" type=\"1\">\n<li>Application des recommandations gouvernementales en mati\u00e8re de lutte contre le Covid-19<\/li>\n\n\n\n<li>Respect des gestes barri\u00e8res pr\u00e9conis\u00e9s par les autorit\u00e9s sanitaires<\/li>\n\n\n\n<li>Nettoyage des \u00e9quipements avec des produits d&rsquo;hygi\u00e8ne respectueux de l&rsquo;environnement<\/li>\n\n\n\n<li>D\u00e9sinfection des poign\u00e9es et des interrupteurs chaque jour<\/li>\n\n\n\n<li>Lavage du linge et des draps \u00e0 haute temp\u00e9rature<\/li>\n<\/ul>\n\n\n\n<p><\/p>\n\n\n\n<p><\/p>\n\n\n\n<p><strong><span style=\"color: #616161;\">INSTALLATIONS ET EQUIPEMENTS<\/span><\/strong><\/p>\n\n\n\n<ul class=\"wp-block-list\">\n<li><span style=\"color: #616161;\">la<strong> piscine<\/strong>\u00a0(9 m x 5 m) \u00a0\u00e9quip\u00e9e de\u00a0jets\u00a0massants <strong> en \u00e9t\u00e9\u00a0<\/strong>,\u00a0appr\u00e9ci\u00e9s des vacanciers qui souhaitent se rafra\u00eechir au calme.<\/span><\/li>\n<\/ul>\n\n\n\n<ul class=\"wp-block-list\">\n<li><span style=\"color: #616161;\">le\u00a0<strong>barbecue avec\u00a0tables et chaises de jardin<\/strong> id\u00e9ales pour pique-niquer.<\/span><\/li>\n<\/ul>\n\n\n\n<ul class=\"wp-block-list\">\n<li><span style=\"color: #616161;\">un \u00a0terrain de jeux\u00a0: table de <strong>ping-pong<\/strong>,\u00a0paniers de <strong>basketball<\/strong>, terrain de <strong>hand<\/strong>, <strong>mur de tennis et toboggan.<\/strong><\/span><\/li>\n<\/ul>\n\n\n\n<ul class=\"wp-block-list\">\n<li><span style=\"color: #616161;\">Les locations sont dispos\u00e9es autour d&rsquo;une\u00a0<strong>grande cour pav\u00e9e \u00e0 l&rsquo;ancienne avec terrasse et auvent<\/strong>.<\/span><\/li>\n<\/ul>\n\n\n\n<ul class=\"wp-block-list\">\n<li><span style=\"color: #616161;\">Une grande pelouse et un espace pour les enfants avec\u00a0<strong>balan\u00e7oire, hamac, corde \u00e0 n\u0153uds&#8230;<\/strong><\/span><\/li>\n<\/ul>\n\n\n\n<ul class=\"wp-block-list\">\n<li><span style=\"color: #616161;\">Le&nbsp;poulailler avec&nbsp;<strong>poussins, poules et canards <\/strong>&nbsp;sert \u00e9galement tr\u00e8s souvent de distraction aux plus&nbsp;jeunes&nbsp;qui y d\u00e9couvrent les animaux de la ferme.<\/span><\/li>\n<\/ul>\n\n\n\n<p class=\"has-text-align-center\"><span style=\"text-decoration: underline;\">&nbsp;<\/span><\/p>\n\n\n\n<p><strong><span style=\"color: #616161;\">RESTAURATION<\/span><\/strong><\/p>\n\n\n\n<ul class=\"wp-block-list\">\n<li><span style=\"text-align: justify; color: #616161;\">Un <strong>grand potager&nbsp;<\/strong>contenant plusieurs dizaines de<strong> fruits et l\u00e9gumes<\/strong>&nbsp;vous permet la d\u00e9couverte de produits frais tout l&rsquo;\u00e9t\u00e9 et de techniques de jardinage ( voir le site <span style=\"color: #3366ff;\">Edijardinier<\/span>, pour les conseils de notre sp\u00e9cialiste maison)<\/span><\/li>\n\n\n\n<li><span style=\"color: #3366ff;\">https:\/\/www.youtube.com\/channel\/UCwnNOMSrQI0RtcAZAy0tYdQ<\/span><\/li>\n\n\n\n<li><span style=\"text-align: justify; color: #616161;\">Un <strong>restaurant camarguais<\/strong> se trouve \u00e0 moins de 1 km des locations et propose divers mets locaux.<\/span><\/li>\n<\/ul>\n\n\n\n<p><span style=\"color: #616161;\">&nbsp;<\/span><\/p>\n\n\n\n<p><strong><span style=\"color: #616161;\">ACTIVITES<\/span><\/strong><\/p>\n\n\n\n<ul class=\"wp-block-list\">\n<li><span style=\"text-align: justify; color: #616161;\">Nous vous proposons gratuitement de nombreux d\u00e9pliants sur les <strong>activit\u00e9s \u00e0 faire dans la r\u00e9gion <\/strong>ainsi que nos avis sur celles-ci.<br><\/span>&nbsp; &nbsp;<\/li>\n\n\n\n<li>Vous avez un coffre de toit? des v\u00e9los? des remorques ? Aucun souci pour les ranger durant votre s\u00e9jour&#8230;&#8230;.<\/li>\n\n\n\n<li>La malette des\u00a0\u00bb ambassadeurs du patrimoine\u00a0\u00bb est remplie d&rsquo;infos et de livres sur la faune et la flore .<\/li>\n<\/ul>\n\n\n\n<ul class=\"wp-block-list\">\n<li><span style=\"text-align: justify; color: #616161;\">La f\u00eate\u00a0du hameau\u00a0a lieu\u00a0le premier\u00a0weekend\u00a0 de juillet o\u00f9 <strong>gardians, chevaux et taureaux<\/strong> animent les journ\u00e9es dans une ambiance familiale. Une excellente occasion de d\u00e9couvrir et vivre les\u00a0\u00a0<strong>traditions camarguaises<\/strong>. Chaque village organise sa f\u00eate en \u00e9t\u00e9 \u00e0 tour de r\u00f4le, c&rsquo;est \u00e0 voi<\/span>r<br><\/li>\n\n\n\n<li><span style=\"color: #3366ff;\">La 5G ET 4G<\/span> passent tr\u00e8s bien\u00a0 &#8230;&#8230;<br> <\/li>\n<\/ul>\n","protected":false},"excerpt":{"rendered":"<p>En plus du calme ambiant du hameau recul\u00e9 dans les terres camarguaises et propice au repos et \u00e0 la d\u00e9tente, nous mettons \u00e0 votre disposition de nombreuses installations ext\u00e9rieures pour que vous profitiez au mieux de vos vacances. NOTRE ENGAGEMENT HYGI\u00c8NE ET S\u00c9CURIT\u00c9 SANITAIRE Depuis la crise sanitaire li\u00e9e au Coronavirus (Covid-19), les Pierrades ont [&hellip;]<\/p>\n","protected":false},"author":1,"featured_media":0,"comment_status":"open","ping_status":"open","sticky":false,"template":"","format":"standard","meta":{"_acf_changed":false,"footnotes":""},"categories":[1],"tags":[],"class_list":["post-35","post","type-post","status-publish","format-standard","hentry","category-non-classe"],"acf":[],"_links":{"self":[{"href":"https:\/\/www.lespierrades.fr\/index.php?rest_route=\/wp\/v2\/posts\/35","targetHints":{"allow":["GET"]}}],"collection":[{"href":"https:\/\/www.lespierrades.fr\/index.php?rest_route=\/wp\/v2\/posts"}],"about":[{"href":"https:\/\/www.lespierrades.fr\/index.php?rest_route=\/wp\/v2\/types\/post"}],"author":[{"embeddable":true,"href":"https:\/\/www.lespierrades.fr\/index.php?rest_route=\/wp\/v2\/users\/1"}],"replies":[{"embeddable":true,"href":"https:\/\/www.lespierrades.fr\/index.php?rest_route=%2Fwp%2Fv2%2Fcomments&post=35"}],"version-history":[{"count":97,"href":"https:\/\/www.lespierrades.fr\/index.php?rest_route=\/wp\/v2\/posts\/35\/revisions"}],"predecessor-version":[{"id":965,"href":"https:\/\/www.lespierrades.fr\/index.php?rest_route=\/wp\/v2\/posts\/35\/revisions\/965"}],"wp:attachment":[{"href":"https:\/\/www.lespierrades.fr\/index.php?rest_route=%2Fwp%2Fv2%2Fmedia&parent=35"}],"wp:term":[{"taxonomy":"category","embeddable":true,"href":"https:\/\/www.lespierrades.fr\/index.php?rest_route=%2Fwp%2Fv2%2Fcategories&post=35"},{"taxonomy":"post_tag","embeddable":true,"href":"https:\/\/www.lespierrades.fr\/index.php?rest_route=%2Fwp%2Fv2%2Ftags&post=35"}],"curies":[{"name":"wp","href":"https:\/\/api.w.org\/{rel}","templated":true}]}}